{"name":"AlmaLusa Comporta","short_name":"AlmaLusa Comporta","start_url":"/FMMR0BI2/","display":"standalone","background_color":"#FFFFFF","theme_color":"#FFFFFF","description":"A cerca de 1h30 de Lisboa, em pleno cora\u00e7\u00e3o da vila da Comporta e **a 15 minutos a p\u00e9 da praia**, nasce o AlmaLusa Comporta.\n\nNum cen\u00e1rio id\u00edlico, de extensos areais das **mais deslumbrantes praias do litoral alentejano**, junto ao rio Sado e de camp...","orientation":"portrait","prefer_related_applications":false,"icons":[{"src":"https://cms.mobile.nonius.cloud/Upload/iconealmalusa512_638878443914567660.png","sizes":"192x192","type":"image/png"},{"src":"https://cms.mobile.nonius.cloud/Upload/iconealmalusa512_638878443914567660.png","sizes":"512x512","type":"image/png"}],"id":"/FMMR0BI2/","scope":"/FMMR0BI2/"}